{"id":111,"date":"2013-09-29T00:52:37","date_gmt":"2013-09-29T02:52:37","guid":{"rendered":"http:\/\/www.danieledavi.it\/blog\/?p=111"},"modified":"2013-09-30T19:35:54","modified_gmt":"2013-09-30T21:35:54","slug":"il-freddo-al-film-festival-turco-di-roma","status":"publish","type":"post","link":"https:\/\/www.danieledavi.it\/blog\/2013\/09\/il-freddo-al-film-festival-turco-di-roma\/","title":{"rendered":"So\u011fuk &#8211; Il Freddo al Film Festival Turco Di Roma"},"content":{"rendered":"<p>So\u011fuk o Il Freddo nella versione italiana \u00e8 uno dei titoli presenti a questo terzo Film Festival Turco Di Roma, che quest&#8217;anno si svolge al cinema Barberini.<\/p>\n<p>Il film ambientato in una innevata cittadina nel nord-est della Turchia, quasi al confine con la Georgia, non racconta dal freddo dovuto alle tempeste di neve che la imbiancano e quasi la sommergano.<\/p>\n<div id=\"attachment_112\" style=\"width: 210px\" class=\"wp-caption alignleft\"><a href=\"http:\/\/www.danieledavi.it\/blog\/wp-content\/uploads\/2013\/09\/il-freddo-soguk.jpg\"><img loading=\"lazy\" decoding=\"async\" aria-describedby=\"caption-attachment-112\" class=\"size-full wp-image-112\" alt=\"Il freddo Soguk\" src=\"http:\/\/www.danieledavi.it\/blog\/wp-content\/uploads\/2013\/09\/il-freddo-soguk.jpg\" width=\"200\" height=\"285\" \/><\/a><p id=\"caption-attachment-112\" class=\"wp-caption-text\">So\u011fuk<\/p><\/div>\n<p>Parla del freddo nelle case, del freddo dei sentimenti fra coppie prima e dopo il matrimonio, nella prima notte come alla nascita del terzo figlio; del gelo che si forma nei rapporti familiari tra fratelli, sposi, amici, genitori. Parla del gelo dei letti delle prostitute, del metallo freddo delle pistole come dei treni, del freddo dei corpi morti o quasi. Del freddo dentro ai pantaloni di uomini frustrati, le cui mancanze e incapacit\u00e0 diventano defezioni familiari e peggio ancora violenza fisica, psicologica, verbale nei confronti di mogli a cui chiedono rispetto per il sol fatto di essere i loro mariti, a prescindere dalla reciprocit\u00e0 del rapporto, dalla mancanza di dialogo e sentimento (quale che sia), avendo svuotato loro stessi il significato della parola &#8220;marito&#8221; ed il senso di un rapporto (quale che sia).<\/p>\n<p>Come generazioni di uomini che si sposano perch\u00e8 &#8220;si fa cos\u00ec&#8221;, o perch\u00e8 sono in &#8220;et\u00e0 di metter su famiglia&#8221; e perch\u00e8 cos\u00ec hanno fatto i loro nonni e i loro padri, senza passare neanche dal corteggiamento o affetto o curiosit\u00e0 o interesse chiedono le giovani in sposa alla famiglia e le giovani sognando matrimonio felice scommettono azzardatamente su degli (praticamente) sconosciuti. Sconosciuti che poco dopo sono i loro mariti ed esigono rispetto dentro le mura domestiche e libert\u00e0 do continuare ad essere scalmanati e senza famiglia.<\/p>\n<p>Il ritmo \u00e8 lento come lento ed interminabile deve sembrare l&#8217;inverno a chi lo vive l\u00ec, ed il tempo ed il freddo lavorano le storie e le menti portando i personaggi verso una insana follia. Come in Shining il freddo fa ammattire il custode dello Stanley Hotel isolato dal resto del mondo, cos\u00ec in So\u011fuk &#8220;il Sergente nella neve&#8221; controllore (e custode) della ferrovia, si ritrova nella situazione inversa in cui &#8220;la caccia familiare&#8221; non \u00e8 l&#8217;acme della follia ma -forse- l&#8217;inizio del rinsavimento.<\/p>\n<p>Ad imbastire e scaldare la trama ci pensano tre prostitute russe il cui calore non sta per\u00f2 nei letti delle prestazioni a pagamento ma nei loro sogni, speranze, parole.<br \/>\nAh, le russe sono <em><strong>Tre Sorelle<\/strong> di cui la pi\u00f9 giovane e bella di nome <strong>Irina<\/strong>, desiderosa di emanciparsi col lavoro, \u00e8 in attesa di trasferirsi a Mosca per sfuggire alla soffocante e mediocre vita di provincia <\/em>(proprio come in Cechov).<\/p>\n","protected":false},"excerpt":{"rendered":"<p>So\u011fuk o Il Freddo nella versione italiana \u00e8 uno dei titoli presenti a questo terzo Film Festival Turco Di Roma, che quest&#8217;anno si svolge al cinema Barberini. Il film ambientato in una innevata cittadina nel nord-est della Turchia, quasi al confine con la Georgia, non racconta dal freddo dovuto alle tempeste di neve che la [&hellip;]<\/p>\n","protected":false},"author":1,"featured_media":0,"comment_status":"open","ping_status":"open","sticky":false,"template":"","format":"standard","meta":{"ngg_post_thumbnail":0,"_jetpack_newsletter_access":"","_jetpack_dont_email_post_to_subs":false,"_jetpack_newsletter_tier_id":0,"_jetpack_memberships_contains_paywalled_content":false,"_jetpack_memberships_contains_paid_content":false,"footnotes":""},"categories":[28],"tags":[202,31,34,36,35,38,37,30,29],"class_list":["post-111","post","type-post","status-publish","format-standard","hentry","category-cinema","tag-cinema","tag-festival","tag-film","tag-freddo","tag-russia","tag-soguk","tag-tre-sorelle","tag-turchia","tag-turco"],"jetpack_featured_media_url":"","jetpack_sharing_enabled":true,"jetpack_shortlink":"https:\/\/wp.me\/p90iZp-1N","amp_enabled":true,"_links":{"self":[{"href":"https:\/\/www.danieledavi.it\/blog\/wp-json\/wp\/v2\/posts\/111","targetHints":{"allow":["GET"]}}],"collection":[{"href":"https:\/\/www.danieledavi.it\/blog\/wp-json\/wp\/v2\/posts"}],"about":[{"href":"https:\/\/www.danieledavi.it\/blog\/wp-json\/wp\/v2\/types\/post"}],"author":[{"embeddable":true,"href":"https:\/\/www.danieledavi.it\/blog\/wp-json\/wp\/v2\/users\/1"}],"replies":[{"embeddable":true,"href":"https:\/\/www.danieledavi.it\/blog\/wp-json\/wp\/v2\/comments?post=111"}],"version-history":[{"count":3,"href":"https:\/\/www.danieledavi.it\/blog\/wp-json\/wp\/v2\/posts\/111\/revisions"}],"predecessor-version":[{"id":116,"href":"https:\/\/www.danieledavi.it\/blog\/wp-json\/wp\/v2\/posts\/111\/revisions\/116"}],"wp:attachment":[{"href":"https:\/\/www.danieledavi.it\/blog\/wp-json\/wp\/v2\/media?parent=111"}],"wp:term":[{"taxonomy":"category","embeddable":true,"href":"https:\/\/www.danieledavi.it\/blog\/wp-json\/wp\/v2\/categories?post=111"},{"taxonomy":"post_tag","embeddable":true,"href":"https:\/\/www.danieledavi.it\/blog\/wp-json\/wp\/v2\/tags?post=111"}],"curies":[{"name":"wp","href":"https:\/\/api.w.org\/{rel}","templated":true}]}}